{"id":68,"date":"2010-02-02T11:07:33","date_gmt":"2010-02-02T11:07:33","guid":{"rendered":"http:\/\/test.yoonsunkim.com\/?p=68"},"modified":"2017-02-02T23:07:33","modified_gmt":"2017-02-02T23:07:33","slug":"the-sense-of-time-2010","status":"publish","type":"post","link":"http:\/\/test.yoonsunkim.com\/?p=68","title":{"rendered":"the Sense of Time, 2010"},"content":{"rendered":"<p><img loading=\"lazy\" decoding=\"async\" class=\"alignnone size-medium wp-image-69\" src=\"http:\/\/test.yoonsunkim.com\/wp-content\/uploads\/2017\/02\/IMG_0659-300x200.jpg\" alt=\"\" width=\"300\" height=\"200\" srcset=\"http:\/\/test.yoonsunkim.com\/wp-content\/uploads\/2017\/02\/IMG_0659-300x200.jpg 300w, http:\/\/test.yoonsunkim.com\/wp-content\/uploads\/2017\/02\/IMG_0659-768x512.jpg 768w, http:\/\/test.yoonsunkim.com\/wp-content\/uploads\/2017\/02\/IMG_0659-1024x683.jpg 1024w\" sizes=\"(max-width: 300px) 100vw, 300px\" \/> <img loading=\"lazy\" decoding=\"async\" class=\"alignnone size-medium wp-image-70\" src=\"http:\/\/test.yoonsunkim.com\/wp-content\/uploads\/2017\/02\/SenseofTime_Afuera-300x221.jpg\" alt=\"\" width=\"300\" height=\"221\" srcset=\"http:\/\/test.yoonsunkim.com\/wp-content\/uploads\/2017\/02\/SenseofTime_Afuera-300x221.jpg 300w, http:\/\/test.yoonsunkim.com\/wp-content\/uploads\/2017\/02\/SenseofTime_Afuera-768x567.jpg 768w, http:\/\/test.yoonsunkim.com\/wp-content\/uploads\/2017\/02\/SenseofTime_Afuera-1024x756.jpg 1024w\" sizes=\"(max-width: 300px) 100vw, 300px\" \/> <img loading=\"lazy\" decoding=\"async\" class=\"alignnone size-medium wp-image-71\" src=\"http:\/\/test.yoonsunkim.com\/wp-content\/uploads\/2017\/02\/SenseofTime_Buenoisaires-300x288.jpg\" alt=\"\" width=\"300\" height=\"288\" srcset=\"http:\/\/test.yoonsunkim.com\/wp-content\/uploads\/2017\/02\/SenseofTime_Buenoisaires-300x288.jpg 300w, http:\/\/test.yoonsunkim.com\/wp-content\/uploads\/2017\/02\/SenseofTime_Buenoisaires-768x738.jpg 768w, http:\/\/test.yoonsunkim.com\/wp-content\/uploads\/2017\/02\/SenseofTime_Buenoisaires-1024x984.jpg 1024w\" sizes=\"(max-width: 300px) 100vw, 300px\" \/> <img loading=\"lazy\" decoding=\"async\" class=\"alignnone size-medium wp-image-72\" src=\"http:\/\/test.yoonsunkim.com\/wp-content\/uploads\/2017\/02\/SenseofTime_Coop2-300x210.jpg\" alt=\"\" width=\"300\" height=\"210\" srcset=\"http:\/\/test.yoonsunkim.com\/wp-content\/uploads\/2017\/02\/SenseofTime_Coop2-300x210.jpg 300w, http:\/\/test.yoonsunkim.com\/wp-content\/uploads\/2017\/02\/SenseofTime_Coop2-768x539.jpg 768w, http:\/\/test.yoonsunkim.com\/wp-content\/uploads\/2017\/02\/SenseofTime_Coop2-1024x718.jpg 1024w\" sizes=\"(max-width: 300px) 100vw, 300px\" \/><\/p>\n<p>the sense of Time, 2010<\/p>\n<div class=\"page\" title=\"Page 11\">\n<div class=\"section\">\n<div class=\"layoutArea\">\n<div class=\"column\">\n<p class=\"p1\">Diese Arbeit thematisiert die Individualit\u00e4t des menschlichen Zeitgef\u00fchls.<\/p>\n<p class=\"p1\">F\u00fcr die Umfrage wurde eine Android-App entwickelt mit der ein Interviewer die Zeit stoppen, sowie Daten wie Alter, Geschlecht und GPS-Position speichern kann. Die Interviews wurden an verschiedenen Orten in den L\u00e4ndern: Deutschland, Brasilien, S\u00fcd Korea und Argentinien durchgef\u00fchrt.<\/p>\n<p class=\"p1\">Passanten im \u00f6ffentlichen Raum werden nach ihrer Vorstellung von der Dauer einer Minute befragt. Die Testpersonen stoppen die Zeit, wenn sie das Gef\u00fchl haben eine Minute sei vorbei. Dieses Zeitgef\u00fchl ist unterschiedlich und damit auch die Ergebnisse. W\u00e4hrend die deutschen Befragten die Zeit im Durchschnitt etwa nach einer Minute stoppten, dauerte die \u201cgef\u00fchlte Minute\u201d der Menschen in Brasilien und Argentinien im Allgemeinen l\u00e4nger.<\/p>\n<p>Yoonsun Kim und Gustavo Alcaraz<\/p>\n<p>Kooperationen \/<br \/>\nUniversidad Nacional tres de febrero, Buenos Aires, Argentina, Universidad Nacional de Co\u0301rdoba, Co\u0301rdoba, Argentina<br \/>\nTelepresense Team \/<br \/>\nUnit Argentina : Anne Euler, Jessica Sehrt und Martin Stiehl<br \/>\nUnit Co\u0301rdoba : Gustavo Alcaraz<br \/>\nUnit Su\u0308d Korea : Seunghoon Chae<br \/>\nUnit Buenos Aires : Denise Filippo<\/p>\n<p>gesammelte Dateien, Pure Data, generative Medieninstallation<\/p>\n<p>2010<br \/>\nHfG, Offenbach am Main, Deutschland<br \/>\nCOOP2, Frankfurt am Main, Deutschland<br \/>\nAGENTEN 2.0 : International Symposium on Electronic Art, Dortmund, Deutschland<br \/>\nAFUERA! Festivals, Co\u0301rdoba, Argentina<br \/>\nWei\u00df Raum, Buchmesse Frankfurt, Frankfurt am Main, Deutschland<\/p>\n<\/div>\n<\/div>\n<\/div>\n<\/div>\n<p>&nbsp;<\/p>\n","protected":false},"excerpt":{"rendered":"<p>the sense of Time, 2010 Diese Arbeit thematisiert die Individualit\u00e4t des menschlichen Zeitgef\u00fchls. F\u00fcr die&#8230;<\/p>\n","protected":false},"author":1,"featured_media":0,"comment_status":"closed","ping_status":"closed","sticky":false,"template":"","format":"standard","meta":{"footnotes":""},"categories":[1],"tags":[],"_links":{"self":[{"href":"http:\/\/test.yoonsunkim.com\/index.php?rest_route=\/wp\/v2\/posts\/68"}],"collection":[{"href":"http:\/\/test.yoonsunkim.com\/index.php?rest_route=\/wp\/v2\/posts"}],"about":[{"href":"http:\/\/test.yoonsunkim.com\/index.php?rest_route=\/wp\/v2\/types\/post"}],"author":[{"embeddable":true,"href":"http:\/\/test.yoonsunkim.com\/index.php?rest_route=\/wp\/v2\/users\/1"}],"replies":[{"embeddable":true,"href":"http:\/\/test.yoonsunkim.com\/index.php?rest_route=%2Fwp%2Fv2%2Fcomments&post=68"}],"version-history":[{"count":1,"href":"http:\/\/test.yoonsunkim.com\/index.php?rest_route=\/wp\/v2\/posts\/68\/revisions"}],"predecessor-version":[{"id":73,"href":"http:\/\/test.yoonsunkim.com\/index.php?rest_route=\/wp\/v2\/posts\/68\/revisions\/73"}],"wp:attachment":[{"href":"http:\/\/test.yoonsunkim.com\/index.php?rest_route=%2Fwp%2Fv2%2Fmedia&parent=68"}],"wp:term":[{"taxonomy":"category","embeddable":true,"href":"http:\/\/test.yoonsunkim.com\/index.php?rest_route=%2Fwp%2Fv2%2Fcategories&post=68"},{"taxonomy":"post_tag","embeddable":true,"href":"http:\/\/test.yoonsunkim.com\/index.php?rest_route=%2Fwp%2Fv2%2Ftags&post=68"}],"curies":[{"name":"wp","href":"https:\/\/api.w.org\/{rel}","templated":true}]}}